{"id":48,"date":"2011-04-14T11:24:09","date_gmt":"2011-04-14T15:24:09","guid":{"rendered":"https:\/\/isabellelarin.1wp.site\/en\/?p=48"},"modified":"2022-07-20T15:26:49","modified_gmt":"2022-07-20T19:26:49","slug":"jean-martel-isabelle-larin-duo-exhibit","status":"publish","type":"post","link":"https:\/\/isabellelarin.ca\/en\/jean-martel-isabelle-larin-duo-exhibit\/","title":{"rendered":"Jean Martel and Isabelle Larin  Duo Exhibit at Galerie 2456"},"content":{"rendered":"<div class=\"gb-container gb-container-8559ddc9\"><div class=\"gb-inside-container\">\n<div class=\"wp-block-image\">\n<figure class=\"alignright\"><a href=\"https:\/\/isabellelarin.ca\/en\/wp-content\/uploads\/sites\/2\/2011\/04\/Invitation-blogue-e1310097157269.jpg\" rel=\"attachment wp-att-49\"><img loading=\"lazy\" decoding=\"async\" width=\"300\" height=\"124\" src=\"https:\/\/isabellelarin.ca\/en\/wp-content\/uploads\/sites\/2\/2011\/04\/Invitation-blogue-e1310097157269-300x124.jpg\" alt=\"Invitation - Exposition Larin - Martel\" class=\"wp-image-49\" srcset=\"https:\/\/isabellelarin.ca\/en\/wp-content\/uploads\/sites\/2\/2011\/04\/Invitation-blogue-e1310097157269-300x124.jpg 300w, https:\/\/isabellelarin.ca\/en\/wp-content\/uploads\/sites\/2\/2011\/04\/Invitation-blogue-e1310097157269-600x249.jpg 600w, https:\/\/isabellelarin.ca\/en\/wp-content\/uploads\/sites\/2\/2011\/04\/Invitation-blogue-e1310097157269-1024x425.jpg 1024w, https:\/\/isabellelarin.ca\/en\/wp-content\/uploads\/sites\/2\/2011\/04\/Invitation-blogue-e1310097157269.jpg 1446w\" sizes=\"auto, (max-width: 300px) 100vw, 300px\" \/><\/a><\/figure>\n<\/div>\n\n\n<p class=\"wp-block-paragraph\">From <strong>april 19<\/strong> to <strong>may 1st<\/strong>, you are invited to come visit <strong><a href=\"http:\/\/www.facebook.com\/Galerie2456?sk=wall\" target=\"_blank\" rel=\"noopener\">Galerie 2456<\/a><\/strong> for an exhibit high in color, from artists <a href=\"http:\/\/www.facebook.com\/album.php?aid=12852&amp;id=100000707880915\" target=\"_blank\" rel=\"noopener\">Jean Martel<\/a> and myself. Come discover the visual universe of two artists from the Vall\u00e9e du Richelieu, who share the same passion for painting.<\/p>\n\n\n\n<p class=\"wp-block-paragraph\">Vernissage saturday april 23rd, &nbsp;3 pm to 6 pm<\/p>\n\n\n\n<p class=\"wp-block-paragraph\">tuesday 19&#8230;&#8230;&#8230;&#8230;. 11 h \u00e0 20 h<br>wednesday 20&#8230;&#8230;. 11 h \u00e0 20 h<br>thursday 21&#8230;&#8230;&#8230;.. 11 h \u00e0 20 h<br>friday 22&#8230;&#8230;&#8230;&#8230;&#8230; 11 h \u00e0 21 h<br>saturday 23&#8230;&#8230;&#8230;.. 11 h \u00e0 21 h<br>sunday 24&#8230;&#8230;&#8230;&#8230;. 12 h \u00e0 17 h<br>monday 25&#8230;&#8230;&#8230;&#8230; 12 h \u00e0 18 h<br>tuesday 26&#8230;&#8230;&#8230;&#8230;. 11 h \u00e0 20 h<br>wednesday&nbsp;27&#8230;&#8230;.. 11 h \u00e0 20 h<br>thursday 28&#8230;&#8230;&#8230;.. 11 h \u00e0 20 h<br>friday 29&#8230;&#8230;&#8230;&#8230;&#8230;. 11 h \u00e0 21 h<br>saturday 30&#8230;&#8230;&#8230;.. 11 h \u00e0 21 h<br>sunday 1&#8230;&#8230;&#8230;&#8230;&#8230;. 11 h \u00e0 16 h<\/p>\n\n\n\n<p class=\"wp-block-paragraph\"><strong>Galerie 2456<\/strong><\/p>\n\n\n\n<p class=\"wp-block-paragraph\">2456 Beaubien Est<br>Montr\u00e9al, H2G 1N4<\/p>\n\n\n\n<p class=\"wp-block-paragraph\">(next door to the Beaubien cinema)<\/p>\n\n<\/div><\/div><input class=\"fooboxshare_post_id\" type=\"hidden\" value=\"48\"\/>","protected":false},"excerpt":{"rendered":"<p>From april 19 to may 1st, you are invited to come visit Galerie 2456 for an exhibit high in color, from artists Jean Martel and myself. Come discover the visual universe of two artists from the Vall\u00e9e du Richelieu, who share the same passion for painting. Vernissage saturday april 23rd, &nbsp;3 pm to 6 pm &#8230; <\/p>\n<p class=\"read-more-container\"><a title=\"Jean Martel and Isabelle Larin  Duo Exhibit at Galerie 2456\" class=\"read-more button\" href=\"https:\/\/isabellelarin.ca\/en\/jean-martel-isabelle-larin-duo-exhibit\/#more-48\" aria-label=\"Read more about Jean Martel and Isabelle Larin  Duo Exhibit at Galerie 2456\">Read More&#8230;<\/a><\/p>\n","protected":false},"author":1,"featured_media":49,"comment_status":"open","ping_status":"open","sticky":false,"template":"","format":"standard","meta":{"_seopress_titles_title":"","_seopress_titles_desc":"","_seopress_robots_index":"","_seopress_robots_follow":"","_seopress_robots_imageindex":"","_seopress_robots_snippet":"","_seopress_robots_primary_cat":"none","_seopress_robots_breadcrumbs":"","_seopress_robots_freeze_modified_date":"","_seopress_robots_custom_modified_date":"","_seopress_robots_canonical":"","_seopress_social_fb_title":"","_seopress_social_fb_desc":"","_seopress_social_fb_img":"","_seopress_social_fb_img_attachment_id":0,"_seopress_social_fb_img_width":0,"_seopress_social_fb_img_height":0,"_seopress_social_twitter_title":"","_seopress_social_twitter_desc":"","_seopress_social_twitter_img":"","_seopress_social_twitter_img_attachment_id":0,"_seopress_social_twitter_img_width":0,"_seopress_social_twitter_img_height":0,"_seopress_redirections_value":"","_seopress_redirections_enabled":"","_seopress_redirections_enabled_regex":"","_seopress_redirections_logged_status":"both","_seopress_redirections_param":"","_seopress_redirections_type":301,"_seopress_analysis_target_kw":"","_seopress_news_disabled":"","_seopress_video_disabled":"","_seopress_video":[],"_seopress_pro_schemas_manual":[],"_seopress_pro_rich_snippets_disable_all":"","_seopress_pro_rich_snippets_disable":[],"_seopress_pro_schemas":[],"_mo_disable_npp":"","_kad_blocks_custom_css":"","_kad_blocks_head_custom_js":"","_kad_blocks_body_custom_js":"","_kad_blocks_footer_custom_js":"","iawp_total_views":3,"footnotes":""},"categories":[4],"tags":[10,15,14],"class_list":["post-48","post","type-post","status-publish","format-standard","has-post-thumbnail","hentry","category-exhibits","tag-exhibit","tag-galerie-2456","tag-jean-martel","resize-featured-image"],"taxonomy_info":{"category":[{"value":4,"label":"Exhibits"}],"post_tag":[{"value":10,"label":"exhibit"},{"value":15,"label":"Galerie 2456"},{"value":14,"label":"Jean Martel"}]},"featured_image_src_large":["https:\/\/isabellelarin.ca\/en\/wp-content\/uploads\/sites\/2\/2011\/04\/Invitation-blogue-e1310097157269-1024x425.jpg",1024,425,true],"author_info":{"display_name":"Isabelle Larin","author_link":"https:\/\/isabellelarin.ca\/en\/author\/isabelle\/"},"comment_info":0,"category_info":[{"term_id":4,"name":"Exhibits","slug":"exhibits","term_group":0,"term_taxonomy_id":4,"taxonomy":"category","description":"","parent":0,"count":6,"filter":"raw","cat_ID":4,"category_count":6,"category_description":"","cat_name":"Exhibits","category_nicename":"exhibits","category_parent":0}],"tag_info":[{"term_id":10,"name":"exhibit","slug":"exhibit","term_group":0,"term_taxonomy_id":10,"taxonomy":"post_tag","description":"","parent":0,"count":6,"filter":"raw"},{"term_id":15,"name":"Galerie 2456","slug":"galerie-2456","term_group":0,"term_taxonomy_id":15,"taxonomy":"post_tag","description":"","parent":0,"count":2,"filter":"raw"},{"term_id":14,"name":"Jean Martel","slug":"jean-martel","term_group":0,"term_taxonomy_id":14,"taxonomy":"post_tag","description":"","parent":0,"count":2,"filter":"raw"}],"_links":{"self":[{"href":"https:\/\/isabellelarin.ca\/en\/wp-json\/wp\/v2\/posts\/48","targetHints":{"allow":["GET"]}}],"collection":[{"href":"https:\/\/isabellelarin.ca\/en\/wp-json\/wp\/v2\/posts"}],"about":[{"href":"https:\/\/isabellelarin.ca\/en\/wp-json\/wp\/v2\/types\/post"}],"author":[{"embeddable":true,"href":"https:\/\/isabellelarin.ca\/en\/wp-json\/wp\/v2\/users\/1"}],"replies":[{"embeddable":true,"href":"https:\/\/isabellelarin.ca\/en\/wp-json\/wp\/v2\/comments?post=48"}],"version-history":[{"count":1,"href":"https:\/\/isabellelarin.ca\/en\/wp-json\/wp\/v2\/posts\/48\/revisions"}],"predecessor-version":[{"id":2229,"href":"https:\/\/isabellelarin.ca\/en\/wp-json\/wp\/v2\/posts\/48\/revisions\/2229"}],"wp:featuredmedia":[{"embeddable":true,"href":"https:\/\/isabellelarin.ca\/en\/wp-json\/wp\/v2\/media\/49"}],"wp:attachment":[{"href":"https:\/\/isabellelarin.ca\/en\/wp-json\/wp\/v2\/media?parent=48"}],"wp:term":[{"taxonomy":"category","embeddable":true,"href":"https:\/\/isabellelarin.ca\/en\/wp-json\/wp\/v2\/categories?post=48"},{"taxonomy":"post_tag","embeddable":true,"href":"https:\/\/isabellelarin.ca\/en\/wp-json\/wp\/v2\/tags?post=48"}],"curies":[{"name":"wp","href":"https:\/\/api.w.org\/{rel}","templated":true}]}}